{"id":26590,"date":"2022-03-02T11:35:17","date_gmt":"2022-03-02T11:35:17","guid":{"rendered":"https:\/\/www.infomeik.com\/?p=26590"},"modified":"2022-10-26T09:40:33","modified_gmt":"2022-10-26T09:40:33","slug":"conoce-el-kit-digital-para-la-digitalizacion-de-pymes-y-autonomos","status":"publish","type":"post","link":"https:\/\/www.infomeik.com\/en\/conoce-el-kit-digital-para-la-digitalizacion-de-pymes-y-autonomos\/","title":{"rendered":"Conoce el Kit Digital para la digitalizaci\u00f3n de pymes y aut\u00f3nomos"},"content":{"rendered":"<p>En el a\u00f1o 2020, el 78% de las pymes espa\u00f1olas no ten\u00edan p\u00e1gina web lo que supuso una enorme desventaja frente a empresas de mayor tama\u00f1o tras la aparici\u00f3n de la Covid-19.<\/p>\r\n\r\n\r\n\r\n<p>Para solventar estas diferencias,\u00a0<strong><a href=\"https:\/\/www.red.es\/es\/actualidad\/noticias\/el-gobierno-lanza-la-primera-convocatoria-de-ayudas-del-programa-kit-digital\" target=\"_blank\" rel=\"noreferrer noopener\">el Gobierno lanza el programa Kit Digital para pymes y aut\u00f3nomos<\/a> con el fin de apoyar la digitalizaci\u00f3n de las peque\u00f1as y medianas empresas.<\/strong><\/p>\r\n\r\n\r\n\r\n<p>Este bono, que se repartir\u00e1 entre 2021 y 2023, supondr\u00e1 una inversi\u00f3n de m\u00e1s de 3.000 millones de euros.<\/p>\r\n\r\n\r\n\r\n<p><strong>As\u00ed es el programa Kit Digital para la digitalizaci\u00f3n de pymes y aut\u00f3nomos.<\/strong><\/p>\r\n\r\n\r\n\r\n<p>Te contamos todos los detalles del programa y hablamos de los requisitos que deber\u00e1n cumplir las pymes y aut\u00f3nomos para solicitarlo, informaci\u00f3n muy importante para pymes de entre 10 y 49 empleados, que podr\u00e1n pedir su Bono Digital desde el 15 de marzo.\u00a0<\/p>\r\n\r\n\r\n\r\n<p><\/p>\r\n\r\n\r\n\r\n<h3 class=\"wp-block-heading\"><strong>\u00bfQu\u00e9 es el Kit Digital para pymes y aut\u00f3nomos?<\/strong><\/h3>\r\n\r\n\r\n\r\n<p>El programa Kit Digital se encuentra dentro de las ayudas del Plan de Recuperaci\u00f3n, Transformaci\u00f3n y Resiliencia y est\u00e1 financiado por la Uni\u00f3n Europea a trav\u00e9s de los fondos Next Generaci\u00f3n UE.<\/p>\r\n\r\n\r\n\r\n<p><strong>El programa Kit Digital nace para apoyar e impulsar la digitalizaci\u00f3n de un mill\u00f3n de pymes y aut\u00f3nomos del territorio espa\u00f1ol con el fin de que puedan acceder a nuevos mercados y desarrollar su potencial.<\/strong><\/p>\r\n\r\n\r\n\r\n<p>Para ello, el Gobierno invertir\u00e1 m\u00e1s de 3.000 millones de euros entre 2021 y 2023.<\/p>\r\n\r\n\r\n\r\n<p>Te adelantamos, que ya se han publicado los plazos para solicitar el Bono Digital para pymes y aut\u00f3nomos de entre 10 y 49 empleados.<\/p>\r\n\r\n\r\n\r\n<div class=\"wp-block-image is-style-rounded\"><figure class=\"aligncenter size-full\"><a href=\"https:\/\/www.infomeik.com\/kit-digital\/\" target=\"_blank\" rel=\"noopener\"><img loading=\"lazy\" decoding=\"async\" width=\"531\" height=\"392\" src=\"https:\/\/www.infomeik.com\/wp-content\/uploads\/2022\/03\/TE-AYUDAMOS-A-SOLICITAR-TU-KIT-DIGITAL.png\" alt=\"\" class=\"wp-image-26594\" srcset=\"https:\/\/www.infomeik.com\/wp-content\/uploads\/2022\/03\/TE-AYUDAMOS-A-SOLICITAR-TU-KIT-DIGITAL.png 531w, https:\/\/www.infomeik.com\/wp-content\/uploads\/2022\/03\/TE-AYUDAMOS-A-SOLICITAR-TU-KIT-DIGITAL-300x221.png 300w\" sizes=\"auto, (max-width: 531px) 100vw, 531px\" \/><\/a><\/figure><\/div>\r\n\r\n\r\n\r\n<h3 class=\"wp-block-heading\"><strong>Ya est\u00e1 publicada la convocatoria de solicitud del Kit Digital para empresas del Segmento I<\/strong><\/h3>\r\n\r\n\r\n\r\n<p>Seg\u00fan el n\u00famero de empleados y la categor\u00eda de la empresa, las compa\u00f1\u00edas beneficiarias se clasifican en:<\/p>\r\n\r\n\r\n\r\n<ul class=\"wp-block-list\"><li>Peque\u00f1as empresas de entre 10 y 49 empleados (Segmento I).<\/li><li>Peque\u00f1as empresas o Microempresas de entre 3 y 9 empleados (Segmento II).<\/li><li>Peque\u00f1as empresas o Microempresas de entre 0 y 2 empleados (Segmento III).<\/li><\/ul>\r\n\r\n\r\n\r\n<p><strong>A partir del 15 de marzo, podr\u00e1n solicitar su Bono Digital las empresas del Segmento I, formadas por una plantilla de entre 10 y 49 empleados.<\/strong><\/p>\r\n\r\n\r\n\r\n<p>El resto de pymes y aut\u00f3nomos deber\u00e1n esperar hasta futuras convocatorias para poder realizar su solicitud.<\/p>\r\n\r\n\r\n\r\n<p>Esta primera convocatoria de ayudas cuenta con una inversi\u00f3n de 500 millones de euros.<\/p>\r\n\r\n\r\n\r\n<p><strong>El Kit Digital consiste en un bono de hasta 12.000\u20ac para las empresas de entre 10 y 49 empleados,&nbsp;<\/strong>que se repartir\u00e1n dependiendo de la categor\u00eda y del tiempo requerido para implantar la soluci\u00f3n digital.<\/p>\r\n\r\n\r\n\r\n<p>El objetivo principal es que las peque\u00f1as y medianas empresas compren servicios que existan en el mercado para mejorar la ciberseguridad o para desarrollar una p\u00e1gina web, entre otras finalidades.<\/p>\r\n\r\n\r\n\r\n<h3 class=\"wp-block-heading\"><strong>\u00bfQu\u00e9 requisitos tienen que cumplir las empresas para beneficiarse del Kit Digital?<\/strong><\/h3>\r\n\r\n\r\n\r\n<p>Para ser beneficiarias del bono Kit Digital las empresas tienen que cumplir los siguientes requisitos:<\/p>\r\n\r\n\r\n\r\n<ul class=\"wp-block-list\"><li><strong>Ser peque\u00f1as empresas o trabajadores aut\u00f3nomos con domicilio fiscal ubicado en territorio espa\u00f1ol.<\/strong><\/li><li><strong>Tener la consideraci\u00f3n de peque\u00f1a empresa o microempresa.<\/strong><\/li><li><strong>Estar inscrita en el Censo de empresarios, profesionales y retenedores de la Agencia Estatal de Administraci\u00f3n Tributaria<\/strong>&nbsp;o en el censo equivalente de la Administraci\u00f3n Tributaria Foral, que debe reflejar la actividad econ\u00f3mica efectivamente desarrollada a la fecha de solicitud de la ayuda, y&nbsp;<strong>tener una antig\u00fcedad m\u00ednima de 6 meses.<\/strong><\/li><li>Si se ha realizado un cambio del Censo de empresarios, profesionales y retenedores de la Administraci\u00f3n Tributaria Foral y viceversa, se tendr\u00e1 en consideraci\u00f3n el per\u00edodo que haya permanecido inscrito en ambos.<\/li><li><strong>No tener la consideraci\u00f3n de empresa en crisis.<\/strong><\/li><li><strong>Estar al corriente de las obligaciones tributarias y frente a la Seguridad Social.<\/strong><\/li><li><strong>No estar sujeto a una orden de recuperaci\u00f3n pendiente tras una decisi\u00f3n previa de la Comisi\u00f3n Europea<\/strong>&nbsp;que haya declarado una ayuda ilegal e incompatible con el mercado com\u00fan.<\/li><li>La compa\u00f1\u00eda no puede estar incursa en ninguna otra de las prohibiciones previstas en el art\u00edculo 13.2 de la Ley 38\/2003, de 17 de noviembre, General de Subvenciones.<\/li><li><strong>No superar el l\u00edmite de ayudas de minimis.<\/strong><\/li><li><strong>Disponer de la&nbsp; evaluaci\u00f3n del Nivel de Madurez Digital<\/strong>, de acuerdo con el test de diagn\u00f3stico disponible en la plataforma Acelera pyme.<\/li><\/ul>\r\n\r\n\r\n\r\n<p><strong>No podr\u00e1n ser beneficiarias del Bono Digital:<\/strong><\/p>\r\n\r\n\r\n\r\n<ul class=\"wp-block-list\"><li><strong>Las personas f\u00edsicas o jur\u00eddicas que sean Agentes Digitalizadores Adheridos<\/strong>, ni aquellas con las que estos contraten o subcontraten para la prestaci\u00f3n de soluciones de digitalizaci\u00f3n.<\/li><li>Las empresas de naturaleza p\u00fablica y\u00a0<strong>las entidades de derecho p\u00fablico.<\/strong><\/li><li><strong>Los Colegios profesionales, las sociedades civiles, las comunidades de bienes, las comunidades de propietarios en r\u00e9gimen de propiedad horizontal o cualquier otro tipo de unidad econ\u00f3mica o patrimonio separado que carezca de personalidad jur\u00eddica<\/strong><\/li><\/ul>\r\n\r\n\r\n\r\n<h3 class=\"wp-block-heading\"><strong>\u00bfC\u00f3mo se pide el Kit Digital?<\/strong><\/h3>\r\n\r\n\r\n\r\n<p><strong>Las pymes y aut\u00f3nomos deber\u00e1n solicitar su Bono del Kit Digital a trav\u00e9s de un solicitante, representante legal o representante voluntario autorizado \u00fanicamente a trav\u00e9s del formulario automatizado<\/strong>&nbsp;que encontrar\u00e1n habilitado en la Sede Electr\u00f3nica de Red.es.<\/p>\r\n\r\n\r\n\r\n<p>Este formulario tambi\u00e9n ser\u00e1 accesible desde el portal Acelera Pyme e incluir\u00e1:<\/p>\r\n\r\n\r\n\r\n<ul class=\"wp-block-list\"><li>NIF del solicitante.<\/li><li>Nombre de la persona f\u00edsica o raz\u00f3n social de la persona jur\u00eddica.<\/li><li>Domicilio fiscal de la persona f\u00edsica o jur\u00eddica.<\/li><li>Tel\u00e9fono y datos de contacto.<\/li><li>En su caso, autorizaci\u00f3n del representante voluntario.<\/li><\/ul>\r\n\r\n\r\n\r\n<p><strong>Los representantes voluntarios deber\u00e1n aportar junto a la solicitud una autorizaci\u00f3n de representaci\u00f3n voluntaria.<\/strong>&nbsp;Podr\u00e1n descargarla en la Sede Electr\u00f3nica de Red.es.<\/p>\r\n\r\n\r\n\r\n<p><strong>Cada representante voluntario podr\u00e1 presentar un m\u00e1ximo de 500 solicitudes al d\u00eda.<\/strong><\/p>\r\n\r\n\r\n\r\n<p>Si hubiese alg\u00fan error en la solicitud, el \u00d3rgano Instructor requerir\u00e1 la subsanaci\u00f3n del mismo mediante notificaci\u00f3n electr\u00f3nica y las pymes y aut\u00f3nomos tendr\u00e1n un plazo de&nbsp;<strong>10 d\u00edas h\u00e1biles<\/strong>&nbsp;para solventarlo.<\/p>\r\n\r\n\r\n\r\n<p>Recordar que como paso previo a la solicitud de las ayudas para mejorar la transformaci\u00f3n digital,&nbsp;<strong>se realizar\u00e1 un test de autodiagn\u00f3stico al que podr\u00e1n acceder todas las pymes para conocer c\u00f3mo es el estado de digitalizaci\u00f3n de la misma y descubrir en qu\u00e9 aspectos debe mejorar.<\/strong><\/p>\r\n\r\n\r\n\r\n<p>Este test se realizar\u00e1 en la plataforma Acelera Pyme.<\/p>\r\n\r\n\r\n\r\n<p>Como hemos comentado,&nbsp;<strong>la primera fase comienza desde el 15 de marzo de 2022<\/strong>&nbsp;y se usar\u00e1n 500 millones de euros para empresas de entre 10 y 49 empleados.<\/p>\r\n\r\n\r\n\r\n<p>En esta convocatoria&nbsp;<strong>el importe m\u00e1ximo de las ayudas por beneficiario ser\u00e1 de 12.000 \u20ac.<\/strong><\/p>\r\n\r\n\r\n\r\n<p><strong>Si deseas solicitar tu Kit Digital. En Infomeik te ayudamos con los tr\u00e1mites. Inf\u00f3rmate aqu\u00ed:<\/strong><\/p>\r\n\r\n\r\n\r\n<figure class=\"wp-block-image size-full is-style-rounded\"><a href=\"https:\/\/www.infomeik.com\/kit-digital\/\" target=\"_blank\" rel=\"noopener\"><img loading=\"lazy\" decoding=\"async\" width=\"531\" height=\"392\" src=\"https:\/\/www.infomeik.com\/wp-content\/uploads\/2022\/03\/TE-AYUDAMOS-A-SOLICITAR-TU-KIT-DIGITAL.png\" alt=\"\" class=\"wp-image-26594\" srcset=\"https:\/\/www.infomeik.com\/wp-content\/uploads\/2022\/03\/TE-AYUDAMOS-A-SOLICITAR-TU-KIT-DIGITAL.png 531w, https:\/\/www.infomeik.com\/wp-content\/uploads\/2022\/03\/TE-AYUDAMOS-A-SOLICITAR-TU-KIT-DIGITAL-300x221.png 300w\" sizes=\"auto, (max-width: 531px) 100vw, 531px\" \/><\/a><\/figure>\r\n\r\n\r\n\r\n<h3 class=\"wp-block-heading\"><strong><br>\u00bfCu\u00e1ndo podr\u00e1n beneficiarse las empresas del Bono Digital?<\/strong><\/h3>\r\n\r\n\r\n\r\n<p>Las pymes y aut\u00f3nomos de entre 10 y 49 empleados podr\u00e1n solicitar su bono del Kit Digital desde el 15 de marzo de 2022 a las 11 horas y hasta el 15 de septiembre de 2022.<\/p>\r\n\r\n\r\n\r\n<p>Para ejercer el derecho de cobro de la subvenci\u00f3n del Kit Digital, la empresa beneficiaria tendr\u00e1 que seleccionar y contratar la soluci\u00f3n digitalizadora que m\u00e1s se adapte a sus necesidades.<\/p>\r\n\r\n\r\n\r\n<p>Despu\u00e9s, tendr\u00e1n que formalizar un<strong>&nbsp;Acuerdo de Prestaci\u00f3n.&nbsp;<\/strong><\/p>\r\n\r\n\r\n\r\n<p><strong>El plazo m\u00e1ximo para formalizar el Acuerdo de Prestaci\u00f3n ser\u00e1 de 6 meses<\/strong>&nbsp;desde que se notifique la resoluci\u00f3n de concesi\u00f3n de la ayuda.<\/p>\r\n\r\n\r\n\r\n<p>La empresa podr\u00e1 formalizar acuerdos de prestaci\u00f3n hasta agotar el importe total de la subvenci\u00f3n concedida.<\/p>\r\n\r\n\r\n\r\n<h3 class=\"wp-block-heading\"><strong>\u00bfA qu\u00e9 tipo de soluciones podr\u00e1n destinarse las ayudas del Kit Digital?<\/strong><\/h3>\r\n\r\n\r\n\r\n<p>El Bono Digital podr\u00e1 destinarse para adoptar soluciones de digitalizaci\u00f3n que permitan sustituir las soluciones ya adoptadas por el beneficiario, siempre que supongan una mejora funcional.<\/p>\r\n\r\n\r\n\r\n<p>Por tanto, las soluciones deber\u00e1n cumplir los siguientes requisitos:<\/p>\r\n\r\n\r\n\r\n<ul class=\"wp-block-list\"><li><strong>Debe ser una soluci\u00f3n totalmente nueva.<\/strong><\/li><li>La soluci\u00f3n que se sustituye no puede conllevar el progreso o enriquecimiento de servicios y funcionalidades de la soluci\u00f3n existente.<\/li><\/ul>\r\n\r\n\r\n\r\n<h3 class=\"wp-block-heading\"><strong>\u00bfCu\u00e1l es el importe de la ayuda del Kit Digital para pymes y aut\u00f3nomos de entre 10 y 49 empleados?<\/strong><\/h3>\r\n\r\n\r\n\r\n<p>Los importes m\u00e1ximos de la ayuda del Kit Digital dependiendo de la Categor\u00eda de Soluciones de Digitalizaci\u00f3n, as\u00ed como de la duraci\u00f3n de la prestaci\u00f3n del servicio ser\u00e1n los siguientes:<\/p>\r\n\r\n\r\n\r\n<figure class=\"wp-block-table\"><table><tbody><tr><td><strong>Categor\u00eda de soluciones digitales&nbsp;<\/strong><\/td><td><strong>Meses de prestaci\u00f3n del servicio<\/strong><\/td><td><strong>Importe para pymes y aut\u00f3nomos (Segmento I)<\/strong><\/td><\/tr><tr><td>Sitio Web y Presencia en Internet<\/td><td>12<\/td><td>2.000 \u20ac<\/td><\/tr><tr><td>Comercio electr\u00f3nico<\/td><td>12<\/td><td>2.000 \u20ac<\/td><\/tr><tr><td>Gesti\u00f3n de redes sociales<\/td><td>12<\/td><td>2.5000 \u20ac<\/td><\/tr><tr><td>Gesti\u00f3n de clientes<\/td><td>12<\/td><td>4.000 \u20ac (incluye 3 usuarios)<\/td><\/tr><tr><td>Business Intelligence y Anal\u00edtica<\/td><td>12<\/td><td>4.000 \u20ac (incluye 3 usuarios)<\/td><\/tr><tr><td>Gesti\u00f3n de procesos<\/td><td>12<\/td><td>6.000 \u20ac (incluye 10 usuarios)<\/td><\/tr><tr><td>Factura electr\u00f3nica<\/td><td>12<\/td><td>1.000 \u20ac (incluye 3 usuarios)<\/td><\/tr><tr><td>Servicios y herramientas de oficina virtual<\/td><td>12<\/td><td>250 \u20ac por usuario (hasta 48 usuarios)<\/td><\/tr><tr><td>Comunicaciones seguras<\/td><td>12<\/td><td>125 \u20ac por usuario (hasta 48 usuarios)<\/td><\/tr><tr><td>Ciberseguridad<\/td><td>12<\/td><td>125 \u20ac por dispositivo (hasta 48 dispositivos)<\/td><\/tr><\/tbody><\/table><\/figure>\r\n\r\n\r\n\r\n<p>El importe de la ayuda aplicable a cada soluci\u00f3n de digitalizaci\u00f3n ser\u00e1 el menor de los siguientes:<\/p>\r\n\r\n\r\n\r\n<ul class=\"wp-block-list\"><li>Ayuda m\u00e1xima de la Categor\u00eda de Soluci\u00f3n de Digitalizaci\u00f3n a la que corresponde la soluci\u00f3n de digitalizaci\u00f3n.<\/li><li>Coste de la soluci\u00f3n de digitalizaci\u00f3n contratada.<\/li><li>El importe de la subvenci\u00f3n concedida no asociado a Acuerdos de Prestaci\u00f3n de Soluciones de Digitalizaci\u00f3n formalizados.<\/li><\/ul>\r\n\r\n\r\n\r\n<p>Ser\u00e1n subvencionables los gastos que tenga el beneficiario para adoptar las soluciones de digitalizaci\u00f3n disponibles en el Cat\u00e1logo de Soluciones de Digitalizaci\u00f3n, siempre en el l\u00edmite de las cuant\u00edas m\u00e1ximas.<\/p>\r\n\r\n\r\n\r\n<h3 class=\"wp-block-heading\"><strong>\u00bfC\u00f3mo se concede el Bono Digital?<\/strong><\/h3>\r\n\r\n\r\n\r\n<p>El Bono del Kit Digital se concede&nbsp;<strong>de forma directa y siguiendo el criterio de orden de presentaci\u00f3n de solicitudes.<\/strong><\/p>\r\n\r\n\r\n\r\n<p>Las resoluciones se notificar\u00e1n a trav\u00e9s de la Sede Electr\u00f3nica de Red.es y tambi\u00e9n se informar\u00e1 de manera individual a los beneficiarios.<\/p>\r\n\r\n\r\n\r\n<h3 class=\"wp-block-heading\"><strong>\u00bfCu\u00e1ndo pueden las pymes y aut\u00f3nomos cobrar el Bono Digital?<\/strong><\/h3>\r\n\r\n\r\n\r\n<p>El Bono Digital se cobrar\u00e1 una vez que se justifique la soluci\u00f3n digitalizadora implantada.<\/p>\r\n\r\n\r\n\r\n<p>Para ello,<strong>&nbsp;la pyme o el aut\u00f3nomo beneficiario tendr\u00e1 que contratar una de las soluciones digitales<\/strong>&nbsp;que puede encontrar en el Cat\u00e1logo de Soluciones de Digitalizaci\u00f3n del Programa.<\/p>\r\n\r\n\r\n\r\n<p>Una vez que decide qu\u00e9 soluci\u00f3n desea contratar,&nbsp;<strong>deber\u00e1 formalizar la propuesta de<\/strong>&nbsp;<strong>Acuerdo de Prestaci\u00f3n de Soluciones de Digitalizaci\u00f3n<\/strong>&nbsp;disponible en la Sede Electr\u00f3nica de Red.es.<\/p>\r\n\r\n\r\n\r\n<p>El plazo m\u00e1ximo para la formalizaci\u00f3n de los Acuerdos de Prestaci\u00f3n de Soluciones de Digitalizaci\u00f3n ser\u00e1 de 6 meses, desde la notificaci\u00f3n de la Resoluci\u00f3n de concesi\u00f3n de la ayuda.<\/p>\r\n\r\n\r\n\r\n<p>En los Acuerdos de Prestaci\u00f3n de Soluciones de Digitalizaci\u00f3n correspondientes a sustituciones de soluciones ya adoptadas por el beneficiario, se detallar\u00e1n las mejoras funcionales de la soluci\u00f3n con respecto a la adoptada previamente por el beneficiario.<\/p>\r\n\r\n\r\n\r\n<p>Despu\u00e9s,<strong>&nbsp;el agente digitalizador tendr\u00e1 que justificar, en nombre del beneficiario, aportando justificantes de gasto que especifiquen en qu\u00e9 se ha empleado el Bono Digital.<\/strong><\/p>\r\n\r\n\r\n\r\n<p>Esta justificaci\u00f3n se realizar\u00e1 a trav\u00e9s de un formulario electr\u00f3nico que estar\u00e1 disponible en la Sede Electr\u00f3nica de Red.es (accesible desde la Plataforma Acelera Pyme).<\/p>\r\n\r\n\r\n\r\n<p><strong>El plazo m\u00e1ximo de presentaci\u00f3n de la justificaci\u00f3n ser\u00e1 de 3 meses desde que finaliza la prestaci\u00f3n de los servicios.<\/strong><\/p>\r\n\r\n\r\n\r\n<p>El pago de las ayudas se realizar\u00e1 en 2 fases:<\/p>\r\n\r\n\r\n\r\n<ul class=\"wp-block-list\"><li>En la primera fase los pagos tendr\u00e1n la consideraci\u00f3n de pagos a cuenta. Para percibir este pago, el beneficiario tendr\u00e1 que estar al corriente de sus obligaciones tributarias y frente a la Seguridad Social.<\/li><li>Si el beneficiario no cumple con los requisitos, deber\u00e1 asumir la obligaci\u00f3n de pago al Agente Digitalizador Adherido con los costes incurridos.<\/li><\/ul>\r\n\r\n\r\n\r\n<h3 class=\"wp-block-heading\"><strong>\u00bfQu\u00e9 requisitos deben cumplir los agentes digitalizadores para prestar sus servicios a las pymes y a los aut\u00f3nomos?<\/strong><\/h3>\r\n\r\n\r\n\r\n<p><strong>El plazo para que los agentes digitalizadores presenten sus soluciones tecnol\u00f3gicas e innovadoras ya est\u00e1 abierto.<\/strong><\/p>\r\n\r\n\r\n\r\n<p><strong>A partir del pr\u00f3ximo 10 de marzo<\/strong>&nbsp;se publicar\u00e1 el Cat\u00e1logo de Agentes Digitalizadores, con los primeros agentes que participar\u00e1n en el programa. Puedes consultar la informaci\u00f3n en la Plataforma Acelera Pyme.&nbsp;<\/p>\r\n\r\n\r\n\r\n<p>Los agentes digitalizadores ser\u00e1n los encargados de ofrecer las herramientas necesarias para las pymes y aut\u00f3nomos con el fin de conseguir una evoluci\u00f3n y una completa digitalizaci\u00f3n de sus procesos de trabajo.<\/p>\r\n\r\n\r\n\r\n<p>Los requisitos que tienen que cumplir los agentes digitalizadores para ofrecer sus servicios son:<\/p>\r\n\r\n\r\n\r\n<ul class=\"wp-block-list\"><li><strong>Estar al corriente de pago de\u00a0seguridad social y agencia tributaria<\/strong>.<\/li><li><strong>Facturar\u00a0m\u00e1s de 100.000 \u20ac al a\u00f1o<\/strong>.\u00a0Para el caso de las personas en situaci\u00f3n de autoempleo sin trabajadores a su cargo, la facturaci\u00f3n acumulada deber\u00e1 ser de, al menos, 70.000 euros en los dos 2 anteriores a contar desde el momento de la presentaci\u00f3n de la solicitud de adhesi\u00f3n.<\/li><li><strong>No estar en una situaci\u00f3n de crisis<\/strong>.<\/li><li><strong>Tener al menos 2 a\u00f1os de\u00a0antig\u00fcedad<\/strong>.<\/li><\/ul>\r\n\r\n\r\n\r\n<h3 class=\"wp-block-heading\"><strong>\u00bfCu\u00e1les son las categor\u00edas incluidas en el cat\u00e1logo de servicios para impulsar la transformaci\u00f3n digital?<\/strong><\/h3>\r\n\r\n\r\n\r\n<p>El cat\u00e1logo de soluciones de digitalizaci\u00f3n del programa estar\u00e1 accesible desde la plataforma Acelera pyme.<\/p>\r\n\r\n\r\n\r\n<p><strong>Todas las categor\u00edas de soluciones de digitalizaci\u00f3n exigir\u00e1n a las soluciones de digitalizaci\u00f3n la prestaci\u00f3n de un servicio de soporte ante incidencias con un plazo de resoluci\u00f3n de menos de 24 horas<\/strong>, que podr\u00e1 realizarse de forma remota.<\/p>\r\n\r\n\r\n\r\n<p>Adem\u00e1s, los agentes digitalizadores tendr\u00e1n que impartir la formaci\u00f3n necesaria que permita a los beneficiarios adquirir conocimientos b\u00e1sicos para su uso inicial.<\/p>\r\n\r\n\r\n\r\n<ul class=\"wp-block-list\"><li><strong>Presencia en Internet y sitio web.<\/strong>&nbsp;En esta categor\u00eda se incluyen las soluciones que ense\u00f1an c\u00f3mo crear una p\u00e1gina web para la pyme con el fin de dar visibilidad a los productos que ofrece en Internet y alcanzar a mayor n\u00famero de usuarios.<\/li><li><strong>Comercio electr\u00f3nico.<\/strong>&nbsp;El fin es crear una tienda online de compraventa de productos y\/o servicios.<\/li><li><strong>Gesti\u00f3n de redes sociales<\/strong>&nbsp;para promocionar la pyme en Instagram, Facebook, LinkedIn, etc.<\/li><li><strong>Gesti\u00f3n de clientes y\/o proveedores.<\/strong>&nbsp;El objetivo es mejorar y conseguir una evoluci\u00f3n positiva de la gesti\u00f3n de las relaciones comerciales con los clientes.<\/li><li><strong>Business Intelligence y anal\u00edtica<\/strong>&nbsp;para mejorar la toma de decisiones de la pyme.<\/li><li><strong>Servicios y herramientas de oficina virtual<\/strong>&nbsp;con el fin de establecer medidas interactivas para que la comunicaci\u00f3n y colaboraci\u00f3n entre los empleados sea m\u00e1s sencilla y eficiente.<\/li><li><strong>Gesti\u00f3n de procesos<\/strong>&nbsp;para automatizar aspectos relacionados con la pyme.<\/li><li><strong>Factura electr\u00f3nica<\/strong>&nbsp;para agilizar el ritmo de emisi\u00f3n de facturas utilizando programas inform\u00e1ticos con opciones avanzadas que permitan a los trabajadores aumentar la productividad.<\/li><li><strong>Comunicaciones seguras.<\/strong>&nbsp;Esta categor\u00eda tiene como fin afianzar la seguridad en los dispositivos de los trabajadores de la pyme.<\/li><li><strong>Ciberseguridad<\/strong>&nbsp;para garantizar un uso seguro y fiable de los dispositivos electr\u00f3nicos y evitar posibles hackeos y robos de informaci\u00f3n confidencial.<\/li><\/ul>\r\n\r\n\r\n\r\n<p>Si eres una peque\u00f1a o mediana empresa o un aut\u00f3nomo y necesitas mejorar la digitalizaci\u00f3n y las habilidades digitales de tus empleados, esta es una gran oportunidad para acelerar e innovar en tu propuesta empresarial.<\/p>\r\n\r\n\r\n\r\n<p><strong>El bono digital supondr\u00e1 una soluci\u00f3n para que las peque\u00f1as y medianas compa\u00f1\u00edas est\u00e9n presentes en el mercado y puedan competir ofreciendo mejores productos y facilitando la informaci\u00f3n a los clientes a trav\u00e9s de Internet y de las redes sociales.<\/strong><\/p>\r\n\r\n\r\n\r\n<p>La idea del Gobierno es seguir lanzando nuevas ayudas entre 2022 y 2023 hasta alcanzar los 3.000 millones de euros disponibles.<\/p>\r\n\r\n\r\n\r\n<p>\u00bfQu\u00e9 te parece este Kit Digital?<a href=\"https:\/\/www.infomeik.com\/kit-digital\/\" target=\"_blank\" rel=\"noreferrer noopener\"> Contacta con nosotros.<\/a><\/p>","protected":false},"excerpt":{"rendered":"<p>En el a\u00f1o 2020, el 78% de las pymes espa\u00f1olas no ten\u00edan p\u00e1gina web lo que supuso una enorme desventaja frente a empresas de mayor tama\u00f1o tras la aparici\u00f3n de la Covid-19. Para solventar estas diferencias,\u00a0el Gobierno lanza el programa Kit Digital para pymes y aut\u00f3nomos con el fin de apoyar la digitalizaci\u00f3n de las peque\u00f1as y medianas empresas. Este<\/p>\n<div class=\"h10\"><\/div>\n<p><a class=\"more-link2 flat\" href=\"https:\/\/www.infomeik.com\/en\/conoce-el-kit-digital-para-la-digitalizacion-de-pymes-y-autonomos\/\">Read more<\/a><\/p>\n","protected":false},"author":1,"featured_media":26870,"comment_status":"closed","ping_status":"closed","sticky":false,"template":"","format":"standard","meta":{"_acf_changed":false,"footnotes":""},"categories":[1],"tags":[511,512,510,112],"class_list":["post-26590","post","type-post","status-publish","format-standard","has-post-thumbnail","hentry","category-sin-categoria","tag-autonomos","tag-digitalizacion-pymes","tag-kit-digital","tag-pymes"],"acf":[],"aioseo_notices":[],"_links":{"self":[{"href":"https:\/\/www.infomeik.com\/en\/wp-json\/wp\/v2\/posts\/26590","targetHints":{"allow":["GET"]}}],"collection":[{"href":"https:\/\/www.infomeik.com\/en\/wp-json\/wp\/v2\/posts"}],"about":[{"href":"https:\/\/www.infomeik.com\/en\/wp-json\/wp\/v2\/types\/post"}],"author":[{"embeddable":true,"href":"https:\/\/www.infomeik.com\/en\/wp-json\/wp\/v2\/users\/1"}],"replies":[{"embeddable":true,"href":"https:\/\/www.infomeik.com\/en\/wp-json\/wp\/v2\/comments?post=26590"}],"version-history":[{"count":5,"href":"https:\/\/www.infomeik.com\/en\/wp-json\/wp\/v2\/posts\/26590\/revisions"}],"predecessor-version":[{"id":26843,"href":"https:\/\/www.infomeik.com\/en\/wp-json\/wp\/v2\/posts\/26590\/revisions\/26843"}],"wp:featuredmedia":[{"embeddable":true,"href":"https:\/\/www.infomeik.com\/en\/wp-json\/wp\/v2\/media\/26870"}],"wp:attachment":[{"href":"https:\/\/www.infomeik.com\/en\/wp-json\/wp\/v2\/media?parent=26590"}],"wp:term":[{"taxonomy":"category","embeddable":true,"href":"https:\/\/www.infomeik.com\/en\/wp-json\/wp\/v2\/categories?post=26590"},{"taxonomy":"post_tag","embeddable":true,"href":"https:\/\/www.infomeik.com\/en\/wp-json\/wp\/v2\/tags?post=26590"}],"curies":[{"name":"wp","href":"https:\/\/api.w.org\/{rel}","templated":true}]}}